[{"@context":"https:\/\/schema.org\/","@type":"Article","@id":"https:\/\/www.sionex.cz\/zajimave-konference\/#Article","mainEntityOfPage":"https:\/\/www.sionex.cz\/zajimave-konference\/","headline":"Zaj\u00edmav\u00e9 konference","name":"Zaj\u00edmav\u00e9 konference","description":"Pokud v\u00e1s tak\u00e9 zaj\u00edmaj\u00ed r\u016fzn\u00e9 konference zbo\u017e\u00ed a tak podobn\u011b, tak se m\u016f\u017eete pod\u00edvat na kvalitn\u00ed firmu Schoeller Alibert.com, kterou &hellip; <a href=\"https:\/\/www.sionex.cz\/zajimave-konference\/\" class=\"more-link\"><span class=\"more-button\">Pokra\u010dovat ve \u010dten\u00ed<span class=\"screen-reader-text\">Zaj\u00edmav\u00e9 konference<\/span><\/span><\/a>","datePublished":"2023-04-30","dateModified":"2024-04-18","author":{"@type":"Person","@id":"https:\/\/www.sionex.cz\/author\/#Person","name":"","url":"https:\/\/www.sionex.cz\/author\/","identifier":1,"image":{"@type":"ImageObject","@id":"https:\/\/secure.gravatar.com\/avatar\/64d58fab86512053c8bb518a6563e7284bb4a3422dc9af0106c3f39575364c7b?s=96&d=mm&r=g","url":"https:\/\/secure.gravatar.com\/avatar\/64d58fab86512053c8bb518a6563e7284bb4a3422dc9af0106c3f39575364c7b?s=96&d=mm&r=g","height":96,"width":96}},"publisher":{"@type":"Organization","name":"sionex.cz","logo":{"@type":"ImageObject","@id":"\/logo.png","url":"\/logo.png","width":600,"height":60}},"image":{"@type":"ImageObject","@id":"https:\/\/www.sionex.cz\/wp-content\/uploads\/manor-house-3431460_1280.jpg","url":"https:\/\/www.sionex.cz\/wp-content\/uploads\/manor-house-3431460_1280.jpg","height":0,"width":0},"url":"https:\/\/www.sionex.cz\/zajimave-konference\/","about":["Slu\u017eby"],"wordCount":407,"articleBody":"   Pokud v\u00e1s tak\u00e9 zaj\u00edmaj\u00ed r\u016fzn\u00e9 konference zbo\u017e\u00ed a tak podobn\u011b, tak se m\u016f\u017eete pod\u00edvat na kvalitn\u00ed firmu Schoeller Alibert.com, kterou najdete na webov\u00e9 str\u00e1nce schoellerallibert.com. Podle m\u00e9ho n\u00e1zoru je tahle firma, kter\u00e1 pat\u0159\u00ed mezi nejobl\u00edben\u011bj\u0161\u00ed, tak je opravdu perfektn\u00ed mezi v\u0161emi firmami. J\u00e1 jsem j\u00e1 jsem byla opravdu hodn\u011b p\u0159ekvapen\u00e1, kdy\u017e jsem st\u00e1le sl\u00fdchala jenom kr\u00e1sn\u00e9 a kladn\u00e9 a recenze na firmu. Je logick\u00e9, \u017ee kdy\u017e potom sly\u0161\u00edte sam\u00e9 chv\u00e1ly na ur\u010ditou firmu, tak tak\u00e9 jist\u011b ka\u017ed\u00fd bude vyu\u017e\u00edvat st\u00e1le tyto slu\u017eby firmy. J\u00e1 se tomu nediv\u00edm, proto\u017ee kolikr\u00e1t jsem taky je sly\u0161ela r\u016fzn\u00e9 n\u00e1zory, \u017ee tato firma by vyhr\u00e1la ur\u010dit\u011b kdejak\u00e9m konkurzu, co by se t\u00fdkalo kvalitn\u00ed zbo\u017e\u00ed anebo tak\u00e9 p\u0159\u00edstupu k pr\u00e1ci. A pokud by v\u00e1s tak\u00e9 st\u00e1le zaj\u00edmala konference Logistics Ride 2022, tak se m\u016f\u017eete jist\u011b pod\u00edvat st\u00e1le na tuto webovou str\u00e1nku, kde v\u00e1s \u010dekaj\u00ed opravdu kvalitn\u00ed informace a tak podobn\u011b. J\u00e1 jsem a\u017e si v\u017edycky velice p\u0159ekvapen\u00e1, kdy\u017e se dozv\u00edd\u00e1m st\u00e1le nov\u00e9 a nov\u00e9 n\u00e1pady a tak\u00e9 vymo\u017eenosti, kter\u00e9 v\u00e1m tato firma m\u016f\u017ee nab\u00eddnout. Tak\u00e9 m\u011b t\u011b\u0161\u00ed, \u017ee s touto firmou se opravdu skv\u011bl\u00e9 spolupracuje. V\u016fbec jsem je\u0161t\u011b nikdy nesly\u0161ela n\u00e1zor, \u017ee tato firma je opravdu hrozn\u00e1 a \u017ee nem\u00e1 v\u016fbec \u017e\u00e1dn\u00e9 kvalitn\u00ed v\u011bci. Mysl\u00edm si, \u017ee pokud byste cht\u011bli tak\u00e9 pronajmout anebo si koupit n\u011bjak\u00e9 r\u016fzn\u00e9 IBC n\u00e1dr\u017ee anebo dal\u0161\u00ed v\u011bci, kter\u00e9 pot\u0159ebujete k tv\u00e9 pr\u00e1ci ve skladu anebo celkov\u011b ve firm\u011b, tak tato jsi doma tady v\u017edycky pro v\u00e1s. A pokud si s n\u011b\u010d\u00edm nev\u00edte rady, tak se nebojte obr\u00e1tit na profesion\u00e1ly z t\u00e9to firmy, kte\u0159\u00ed v\u00e1m v\u017edycky moc r\u00e1di porad\u00ed. A jsou tady od toho, aby pom\u00e1hali z\u00e1kazn\u00edk\u016fm. A kdy\u017e to tak vezmu, tak j\u00e1 sama jsem p\u0159edt\u00edm o konferenci logistics ride 2022 nikdy nesly\u0161ela. Moje chyba? Mo\u017en\u00e1. Ale rozhodn\u011b si u\u017e nenech\u00e1m nikdy uj\u00edt n\u011bjak\u00e9 zaj\u00edmavosti, kter\u00e9 mohou b\u00fdt v\u0161em k u\u017eitku. Je opravdu hodn\u011b v\u011bc\u00ed, co by lid\u00e9 m\u011bli zv\u00e1\u017eit.                                                                                                                                                                                                                                                                                                                                                                                           3.8\/5 - (10 votes)        "},{"@context":"https:\/\/schema.org\/","@type":"BreadcrumbList","itemListElement":[{"@type":"ListItem","position":1,"name":"Zaj\u00edmav\u00e9 konference","item":"https:\/\/www.sionex.cz\/zajimave-konference\/#breadcrumbitem"}]}]