[{"@context":"https:\/\/schema.org\/","@type":"Article","@id":"https:\/\/www.sionex.cz\/vw-brouk-neboli-lidovy-vuz\/#Article","mainEntityOfPage":"https:\/\/www.sionex.cz\/vw-brouk-neboli-lidovy-vuz\/","headline":"VW Brouk neboli Lidov\u00fd v\u016fz","name":"VW Brouk neboli Lidov\u00fd v\u016fz","description":"\u00a0\u00a0\u00a0\u00a0\u00a0\u00a0\u00a0\u00a0\u00a0\u00a0\u00a0\u00a0\u00a0\u00a0\u00a0 Kam sahaj\u00ed za\u010d\u00e1tky tohoto mal\u00e9ho vozu? Poj\u010fme se pod\u00edvat do jeho historie. V\u00a0roce 1931 bylo poprv\u00e9 pou\u017eito jm\u00e9no Volkswagen. &hellip; <a href=\"https:\/\/www.sionex.cz\/vw-brouk-neboli-lidovy-vuz\/\" class=\"more-link\"><span class=\"more-button\">Pokra\u010dovat ve \u010dten\u00ed<span class=\"screen-reader-text\">VW Brouk neboli Lidov\u00fd v\u016fz<\/span><\/span><\/a>","datePublished":"2018-06-25","dateModified":"2023-05-10","author":{"@type":"Person","@id":"https:\/\/www.sionex.cz\/author\/#Person","name":"","url":"https:\/\/www.sionex.cz\/author\/","identifier":1,"image":{"@type":"ImageObject","@id":"https:\/\/secure.gravatar.com\/avatar\/64d58fab86512053c8bb518a6563e7284bb4a3422dc9af0106c3f39575364c7b?s=96&d=mm&r=g","url":"https:\/\/secure.gravatar.com\/avatar\/64d58fab86512053c8bb518a6563e7284bb4a3422dc9af0106c3f39575364c7b?s=96&d=mm&r=g","height":96,"width":96}},"publisher":{"@type":"Organization","name":"sionex.cz","logo":{"@type":"ImageObject","@id":"\/logo.png","url":"\/logo.png","width":600,"height":60}},"image":{"@type":"ImageObject","@id":"https:\/\/www.sionex.cz\/wp-content\/uploads\/img_a320922_w2096_t1532166515.jpg","url":"https:\/\/www.sionex.cz\/wp-content\/uploads\/img_a320922_w2096_t1532166515.jpg","height":0,"width":0},"url":"https:\/\/www.sionex.cz\/vw-brouk-neboli-lidovy-vuz\/","wordCount":458,"articleBody":"\u00a0\u00a0\u00a0\u00a0\u00a0\u00a0\u00a0\u00a0\u00a0\u00a0\u00a0\u00a0\u00a0\u00a0\u00a0 Kam sahaj\u00ed za\u010d\u00e1tky tohoto mal\u00e9ho vozu? Poj\u010fme se pod\u00edvat do jeho historie. V\u00a0roce 1931 bylo poprv\u00e9 pou\u017eito jm\u00e9no Volkswagen. V\u00a0tomto roce za\u010dal poprv\u00e9 Ferdinand Porsche a Z\u00fcndapp vyv\u00edjet auto pro ka\u017ed\u00e9ho. Proto se tak\u00e9 za\u010dal pou\u017e\u00edvat n\u00e1zev Lidov\u00fd v\u016fz, co\u017e je p\u0159edklad ze slova Volkswagen. Adolf Hitler schv\u00e1lil v\u00a0roce 1933 n\u00e1vrhy Ferdinanda Porscheho, aby se za\u010dal tento v\u016fz vyr\u00e1b\u011bt. Byl ur\u010den\u00fd hlavn\u011b pro rodiny se t\u0159emi d\u011btmi, kte\u0159\u00ed byli obyvatel\u00e9 T\u0159et\u00ed \u0159\u00ed\u0161e a mohli si ho dovolit. V\u00a0roce 1939 se za\u010dalo s\u00a0v\u00fdrobou Volkswagena Brouka, ta byla z\u00e1hy p\u0159eru\u0161ena kv\u016fli 2. sv\u011btov\u00e9 v\u00e1lce. S\u00a0masovou v\u00fdrobou se za\u010dalo a\u017e po jej\u00edm skon\u010den\u00ed.\tJeho vznik ale nebyl lehk\u00fd. Porsche byl obvin\u011bn, \u017ee je zde podobnost s\u00a0Tatrou. Spole\u010dnost zah\u00e1jila soudn\u00ed proces, kter\u00fd byl zru\u0161en, kdy\u017e N\u011bmecko obsadilo \u010ceskoslovensko. P\u0159\u00edpad byl znovu otev\u0159en v\u00a0roce 1961 a Volkswagen musel zaplatiti Tat\u0159e jeden milion marek.\tPo 2. sv\u011btov\u00e9 v\u00e1lce nastal boom, kdy\u017e se znovu otev\u0159ela v\u00fdroba ve velk\u00e9m. V\u00a0roce 1955 se vyrobil miliont\u00fd Brouk a v\u00a0roce 1958 u\u017e bylo vyrobeno na p\u011bt milion\u016f t\u011bchto model\u016f. Na p\u0159elomu 60. a 70. let se rozmohla ve sv\u011bt\u011b reklama, kter\u00e1 v\u00fdrazn\u011b p\u0159isp\u011bla k\u00a0jeho prodeji. V\u00a0roce 1973 se z\u00a0n\u011bho stalo nejvyr\u00e1b\u011bn\u011bj\u0161\u00ed auto na sv\u011bt\u011b. Tohoto roku bylo vyrobeno u\u017e 16 milion\u016f kus\u016f. V\u00a0roce 1992 bylo vyrobeno je\u0161t\u011b o p\u011bt milion\u016f v\u00edce, celkem tedy 21 milion\u016f kus\u016f.\tV\u00a0roce 1974 p\u0159i\u0161el pokles, kv\u016fli nov\u00e9mu typu Volkswagena Golfa. V\u00fdroba byla p\u0159esunuta do Mexika a Braz\u00edlie. Kdy byl ukon\u010den prodej a v\u00fdroba na sv\u011bt\u011b? V\u00a0USA se prod\u00e1vali Brouci do roku 1977, v\u00a0Evrop\u011b se prod\u00e1vali do roku 1985. V\u00a0Braz\u00edlii byla v\u00fdroba ukon\u010dena v\u00a0roce 1986, ale pozd\u011bji byla v\u00fdroba obnovena, a to v\u00a0roce 1993. Dlouho pokra\u010dov\u00e1n\u00ed nevydr\u017eelo a definitivn\u011b byla v\u00fdroba ukon\u010dena v\u00a0roce 1996. Pokud by v\u00e1s zaj\u00edmalo, kdy a kde byl vyroben posledn\u00ed v\u016fz. Tak to bylo v\u00a0roce 2003 v\u00a0Mexiku.\tNa z\u00e1v\u011br si \u0159ekneme n\u011bkolik zaj\u00edmavost\u00ed. V\u00a0roce 1998 byl p\u0159edstaven nov\u00fd model VW New Beetle. Slavn\u00fd Brouk Herbie hr\u00e1l v\u00a0\u0161esti filmech. Dokonce se o VW n\u011bm \u0159\u00edkalo, \u017ee je to vana na kolech, proto\u017ee opravdu pr\u00fd n\u011bjakou dobu na hladin\u011b plaval, ne\u017e se potopil. Kdo z\u00a0v\u00e1s by se cht\u011bl v\u00a0tomto legend\u00e1rn\u00edm aut\u011b projet?                                                                                                                                                                                                                                                                                                                                                                                         4.4\/5 - (9 votes)        "},{"@context":"https:\/\/schema.org\/","@type":"BreadcrumbList","itemListElement":[{"@type":"ListItem","position":1,"name":"VW Brouk neboli Lidov\u00fd v\u016fz","item":"https:\/\/www.sionex.cz\/vw-brouk-neboli-lidovy-vuz\/#breadcrumbitem"}]}]