[{"@context":"https:\/\/schema.org\/","@type":"Article","@id":"https:\/\/www.sionex.cz\/pro-zimni-spanek\/#Article","mainEntityOfPage":"https:\/\/www.sionex.cz\/pro-zimni-spanek\/","headline":"Pro zimn\u00ed sp\u00e1nek","name":"Pro zimn\u00ed sp\u00e1nek","description":"Nejen medv\u011bdi prosp\u00ed celou zimu. V tomto ro\u010dn\u00edm obdob\u00ed je cel\u00e1 p\u0159\u00edroda v klidu. S chladn\u00fdmi dny kon\u010d\u00ed tak\u00e9 \u010das &hellip; <a href=\"https:\/\/www.sionex.cz\/pro-zimni-spanek\/\" class=\"more-link\"><span class=\"more-button\">Pokra\u010dovat ve \u010dten\u00ed<span class=\"screen-reader-text\">Pro zimn\u00ed sp\u00e1nek<\/span><\/span><\/a>","datePublished":"2023-08-31","dateModified":"2023-08-31","author":{"@type":"Person","@id":"https:\/\/www.sionex.cz\/author\/#Person","name":"","url":"https:\/\/www.sionex.cz\/author\/","identifier":1,"image":{"@type":"ImageObject","@id":"https:\/\/secure.gravatar.com\/avatar\/64d58fab86512053c8bb518a6563e7284bb4a3422dc9af0106c3f39575364c7b?s=96&d=mm&r=g","url":"https:\/\/secure.gravatar.com\/avatar\/64d58fab86512053c8bb518a6563e7284bb4a3422dc9af0106c3f39575364c7b?s=96&d=mm&r=g","height":96,"width":96}},"publisher":{"@type":"Organization","name":"sionex.cz","logo":{"@type":"ImageObject","@id":"\/logo.png","url":"\/logo.png","width":600,"height":60}},"url":"https:\/\/www.sionex.cz\/pro-zimni-spanek\/","wordCount":248,"articleBody":"Nejen medv\u011bdi prosp\u00ed celou zimu. V tomto ro\u010dn\u00edm obdob\u00ed je cel\u00e1 p\u0159\u00edroda v klidu. S chladn\u00fdmi dny kon\u010d\u00ed tak\u00e9 \u010das radov\u00e1nek spojen\u00fdch se zahradn\u00edmi baz\u00e9ny. Tak jako svoji zahradu p\u0159iprav\u00edte na to, aby v n\u00ed mr\u00e1z a sn\u00edh nenad\u011blal zbyte\u010dnou paseku, tak i o sv\u016fj baz\u00e9n se mus\u00edte dob\u0159e postarat. Ukon\u010den\u00ed koupac\u00ed sezony nen\u00ed tak spojen\u00e9 pouze s odlo\u017een\u00edm plavek na dno sk\u0159\u00edn\u011b. Pokud chcete na ja\u0159e baz\u00e9n probudit a m\u00edt minimum pr\u00e1ce s jeho zprovozn\u011bn\u00edm, tak nesm\u00edte nic podstatn\u00e9ho opomenout. Velk\u00fdm pomocn\u00edkem zejm\u00e9na pokud voda zamrzne, je dilata\u010dn\u00ed plov\u00e1k.Celoro\u010dn\u00ed p\u00e9\u010deSpecializovan\u00fd e-shop Techneco nab\u00edz\u00ed nejr\u016fzn\u011bj\u0161\u00ed prost\u0159edky a pom\u016fcky, d\u00edky kter\u00fdm zvl\u00e1dne p\u00e9\u010di o kvalitu vody v baz\u00e9nu naprosto ka\u017ed\u00fd. Nab\u00eddka preferuje v\u00fdrobky vysok\u00e9 kvality, u nich\u017e je p\u0159edpoklad, \u017ee to co slibuj\u00ed, tak\u00e9 spln\u00ed. P\u0159ehlednost tohoto webu usnad\u0148uje v\u00fdb\u011br a zrychluje nakupov\u00e1n\u00ed. V\u0161echno zbo\u017e\u00ed je opat\u0159eno fotografiemi a podrobn\u00fdm popisem. Samostatnou kategorii m\u00e1 i zazimov\u00e1n\u00ed baz\u00e9nu. \u017d\u00e1d\u00e1 si stejnou d\u016fkladnost jako p\u00e9\u010de b\u011bhem koupac\u00ed sezony. V nab\u00eddce nechyb\u00ed krom\u011b zazimova\u010d\u016f ani dilata\u010dn\u00ed plov\u00e1k. A\u017e ude\u0159\u00ed mrazy, budete r\u00e1di, \u017ee jste na n\u011bj nezapomn\u011bli.                                                                                                                                                                                                                                                                                                                                                                                        4.1\/5 - (13 votes)        "},{"@context":"https:\/\/schema.org\/","@type":"BreadcrumbList","itemListElement":[{"@type":"ListItem","position":1,"name":"Pro zimn\u00ed sp\u00e1nek","item":"https:\/\/www.sionex.cz\/pro-zimni-spanek\/#breadcrumbitem"}]}]