[{"@context":"https:\/\/schema.org\/","@type":"Article","@id":"https:\/\/www.sionex.cz\/milovana-zvirata\/#Article","mainEntityOfPage":"https:\/\/www.sionex.cz\/milovana-zvirata\/","headline":"Milovan\u00e1 zv\u00ed\u0159ata","name":"Milovan\u00e1 zv\u00ed\u0159ata","description":"Jo jasn\u00e9, \u017ee asi ka\u017ed\u00fd \u010dlov\u011bk m\u00e1 r\u00e1d zv\u00ed\u0159ata. A hlavn\u011b d\u011bti nejsou v\u00fdjimkou. D\u011bti maj\u00ed r\u00e1dy zv\u00ed\u0159ata hlavn\u011b proto, &hellip; <a href=\"https:\/\/www.sionex.cz\/milovana-zvirata\/\" class=\"more-link\"><span class=\"more-button\">Pokra\u010dovat ve \u010dten\u00ed<span class=\"screen-reader-text\">Milovan\u00e1 zv\u00ed\u0159ata<\/span><\/span><\/a>","datePublished":"2022-05-22","dateModified":"2023-05-10","author":{"@type":"Person","@id":"https:\/\/www.sionex.cz\/author\/#Person","name":"","url":"https:\/\/www.sionex.cz\/author\/","identifier":1,"image":{"@type":"ImageObject","@id":"https:\/\/secure.gravatar.com\/avatar\/64d58fab86512053c8bb518a6563e7284bb4a3422dc9af0106c3f39575364c7b?s=96&d=mm&r=g","url":"https:\/\/secure.gravatar.com\/avatar\/64d58fab86512053c8bb518a6563e7284bb4a3422dc9af0106c3f39575364c7b?s=96&d=mm&r=g","height":96,"width":96}},"publisher":{"@type":"Organization","name":"sionex.cz","logo":{"@type":"ImageObject","@id":"\/logo.png","url":"\/logo.png","width":600,"height":60}},"image":{"@type":"ImageObject","@id":"https:\/\/www.sionex.cz\/wp-content\/uploads\/bulldog-1224267_960_720_8.jpg","url":"https:\/\/www.sionex.cz\/wp-content\/uploads\/bulldog-1224267_960_720_8.jpg","height":0,"width":0},"url":"https:\/\/www.sionex.cz\/milovana-zvirata\/","about":["Zv\u00ed\u0159ata"],"wordCount":435,"articleBody":"Jo jasn\u00e9, \u017ee asi ka\u017ed\u00fd \u010dlov\u011bk m\u00e1 r\u00e1d zv\u00ed\u0159ata. A hlavn\u011b d\u011bti nejsou v\u00fdjimkou. D\u011bti maj\u00ed r\u00e1dy zv\u00ed\u0159ata hlavn\u011b proto, \u017ee jsou hebou\u010dk\u00e1 a \u017ee se zv\u00ed\u0159aty stra\u0161n\u011b moc r\u00e1di mazl\u00ed. Byla jsem velmi r\u00e1da, \u017ee jsem m\u011bla doma dva pejsky. A mus\u00edm \u0159\u00edct, \u017ee jsem vyr\u016fstala s t\u011bmi pejsky a p\u0159ipadalo mi to naprosto norm\u00e1ln\u00ed a taky jasn\u00e9. Proto\u017ee jsem si nedok\u00e1zala p\u0159edstavit, \u017ee bych jako d\u00edt\u011b nevyr\u016fstala s n\u011bjak\u00fdm zv\u00ed\u0159\u00e1tkem. My jsme toti\u017e nav\u00edc bydleli na vesnici, kde m\u011bl psa opravdu ka\u017ed\u00fd. Mysl\u00edm si, \u017ee pes na vesnici odjak\u017eiva pat\u0159\u00ed, stejn\u011b tak jako dal\u0161\u00ed zv\u00ed\u0159ata.A t\u011bch ko\u010dek! V\u017edycky kdy\u017e jsem \u0161la ven, p\u0159ihnalo se ke mn\u011b tolik ko\u010di\u010dek, \u017ee jsem ani nev\u011bd\u011bla, jakou jsem m\u011bla d\u0159\u00edve pohladit. Na druhou stranu, ale tohle bylo docela smutn\u00e9. Proto\u017ee mnoho ko\u010dek opravdu nem\u011blo sv\u016fj st\u00e1l\u00fd domov. Jen n\u011bjac\u00ed lid\u00e9 krmili ko\u010dky jen tak venku. A j\u00e1 jsem v\u016fbec nev\u011bd\u011bla, kde ty ko\u010dky potom jsou, kdy\u017e je t\u0159eba venku stra\u0161n\u00fd mr\u00e1z a zima anebo hodn\u011b pr\u0161\u00ed. Proto jsme s tat\u00ednkem vyr\u00e1b\u011bli ze d\u0159eva takov\u00e9 jednoduch\u00e9 dome\u010dky, kam by se mohly ko\u010dky schovat p\u0159ed de\u0161t\u011bm anebo p\u0159ed mrazem. P\u0159ece jenom je lep\u0161\u00ed se schovat v n\u011bjak\u00e9 d\u0159ev\u011bn\u00e9 boudi\u010dce ne\u017e t\u0159eba n\u011bkde pod stromem anebo pod n\u011bjak\u00fdm mostem, kde hodn\u011b fouk\u00e1 a nen\u00ed tam bezpe\u010dno. Mysl\u00edm si, \u017ee by lid\u00e9 m\u011bli sv\u00e1 zv\u00ed\u0159ata, hlavn\u011b ko\u010dky kastrovat.\u00a0 Proto\u017ee jedin\u011b s kastrac\u00ed se d\u00e1 eliminovat po\u010det toulav\u00fdch ko\u010dek anebo ps\u016f.\u00a0Vemte\u00a0si, jak jsou pln\u00e9 \u00fatulky. Mysl\u00edm si, \u017ee je to opravdu \u0161koda. Je mi n\u011bkdy z toho opravdu smutno, kdy\u017e si vezme n\u011bkdo n\u011bjak\u00e9 zv\u00ed\u0159e a potom ho vyhod\u00ed. Mn\u011b se to nel\u00edb\u00ed a mysl\u00edm si, \u017ee zv\u00ed\u0159e by m\u011blo zem\u0159\u00edt i tam, kde vyr\u016fst\u00e1. A jak jste na tom vy? M\u00e1te doma n\u011bjak\u00e9 zv\u00ed\u0159\u00e1tko,\u00a0kter\u00e9\u00a0m\u00e1te nesm\u00edrn\u011b r\u00e1di? J\u00e1\u00a0jsem\u00a0si taky po\u0159\u00eddila\u00a0papou\u0161ka\u00a0a mus\u00edm\u00a0\u0159\u00edct, \u017ee v\u011bt\u0161\u00ed z\u00e1bavu jsem\u00a0snad\u00a0nikdy neza\u017eila. Netu\u0161ila jsem, \u017ee s papou\u0161kem se d\u00e1 u\u017e\u00edt tolik\u00a0legrace.                                                                                                                                                                                                                                                                                                                                                                                        4\/5 - (11 votes)        "},{"@context":"https:\/\/schema.org\/","@type":"BreadcrumbList","itemListElement":[{"@type":"ListItem","position":1,"name":"Milovan\u00e1 zv\u00ed\u0159ata","item":"https:\/\/www.sionex.cz\/milovana-zvirata\/#breadcrumbitem"}]}]