[{"@context":"https:\/\/schema.org\/","@type":"Article","@id":"https:\/\/www.sionex.cz\/adresa-neni-jen-adresa\/#Article","mainEntityOfPage":"https:\/\/www.sionex.cz\/adresa-neni-jen-adresa\/","headline":"Adresa nen\u00ed jen adresa","name":"Adresa nen\u00ed jen adresa","description":"Kdy\u017e chce n\u011bkdo podnikat, pot\u0159ebuje pochopiteln\u011b i svoji firmu. A ta zase pot\u0159ebuje sv\u00e9 s\u00eddlo, proto\u017ee nem\u016f\u017ee existovat jenom tak &hellip; <a href=\"https:\/\/www.sionex.cz\/adresa-neni-jen-adresa\/\" class=\"more-link\"><span class=\"more-button\">Pokra\u010dovat ve \u010dten\u00ed<span class=\"screen-reader-text\">Adresa nen\u00ed jen adresa<\/span><\/span><\/a>","datePublished":"2022-07-12","dateModified":"2023-05-10","author":{"@type":"Person","@id":"https:\/\/www.sionex.cz\/author\/#Person","name":"","url":"https:\/\/www.sionex.cz\/author\/","identifier":1,"image":{"@type":"ImageObject","@id":"https:\/\/secure.gravatar.com\/avatar\/64d58fab86512053c8bb518a6563e7284bb4a3422dc9af0106c3f39575364c7b?s=96&d=mm&r=g","url":"https:\/\/secure.gravatar.com\/avatar\/64d58fab86512053c8bb518a6563e7284bb4a3422dc9af0106c3f39575364c7b?s=96&d=mm&r=g","height":96,"width":96}},"publisher":{"@type":"Organization","name":"sionex.cz","logo":{"@type":"ImageObject","@id":"\/logo.png","url":"\/logo.png","width":600,"height":60}},"image":{"@type":"ImageObject","@id":"https:\/\/www.sionex.cz\/wp-content\/uploads\/st%C5%AFl%20v%20kancel%C3%A1%C5%99i.jpg","url":"https:\/\/www.sionex.cz\/wp-content\/uploads\/st%C5%AFl%20v%20kancel%C3%A1%C5%99i.jpg","height":0,"width":0},"url":"https:\/\/www.sionex.cz\/adresa-neni-jen-adresa\/","about":["Slu\u017eby"],"wordCount":457,"articleBody":"   Kdy\u017e chce n\u011bkdo podnikat, pot\u0159ebuje pochopiteln\u011b i svoji firmu. A ta zase pot\u0159ebuje sv\u00e9 s\u00eddlo, proto\u017ee nem\u016f\u017ee existovat jenom tak ve vzduchopr\u00e1zdnu. Ka\u017ed\u00e1 firma mus\u00ed m\u00edt svou adresu, na kter\u00e9 p\u016fsob\u00ed, tedy sv\u016fj objekt. A to nejen pro pr\u00e1ci jako takovou, kter\u00e1 ji \u017eiv\u00ed, ale t\u0159eba i pro styk s ve\u0159ejnost\u00ed a s \u00fa\u0159ady, pro reprezentaci a podobn\u011b.Ka\u017ed\u00fd, kdo podnik\u00e1, tedy n\u011bjak\u00e9 sv\u00e9 s\u00eddlo m\u00e1. A nejinak je tomu i u toho, kdo pr\u00e1v\u011b s podnik\u00e1n\u00edm za\u010d\u00edn\u00e1, proto\u017ee se bez s\u00eddla podnik ani \u00fa\u0159edn\u011b nezaregistruje. Ale nen\u00ed tu s\u00eddlo jako s\u00eddlo. A mo\u017en\u00e1 i v\u00e1m u\u017e se n\u011bkdy stalo, \u017ee jste n\u011bjakou firmu sice na jej\u00ed adrese hledali, ale nena\u0161li. A nemuselo to b\u00fdt v\u016fbec proto, \u017ee by se snad p\u0159ed v\u00e1mi schov\u00e1vala.Firmy prost\u011b nemaj\u00ed za sv\u00e9 s\u00eddlo v\u017edy jen m\u00edsto, ve kter\u00e9m skute\u010dn\u011b vytv\u00e1\u0159ej\u00ed to, co pak nab\u00edzej\u00ed. Mohou m\u00edt s\u00eddlo i jinde, a dokonce toto ani nemus\u00ed b\u00fdt a\u017e tak docela jejich. Prost\u011b maj\u00ed m\u00edsto, kde jsou pro n\u00e1s lidi, a takov\u00e9 m\u00edsto m\u016f\u017ee b\u00fdt klidn\u011b i na hony vzd\u00e1len\u00e9 od jejich re\u00e1ln\u00e9ho pracovi\u0161t\u011b.Pro\u010d je tomu tak? Tedy pro\u010d si n\u011bkte\u0159\u00ed podnikatel\u00e9 po\u0159izuj\u00ed takzvan\u00e9 virtu\u00e1ln\u00ed s\u00eddlo Ostrava? D\u016fvod\u016f m\u016f\u017ee b\u00fdt v\u00edc. Ale asi ten nejhlavn\u011bj\u0161\u00ed bude reprezentace. O\u010d d\u016fv\u011bryhodn\u011bji p\u0159ece p\u016fsob\u00ed na lidi dokonal\u00e1 budova na dokonal\u00e9m m\u00edst\u011b s dobrou pov\u011bst\u00ed, ne\u017e n\u011bjak\u00e1 om\u0161el\u00e1 budova dejme tomu v pr\u016fmyslov\u00e9 z\u00f3n\u011b, na zapadl\u00e9m venkov\u011b a podobn\u00fdch nevaln\u011b vypadaj\u00edc\u00edch m\u00edstech! A je jasn\u00e9, \u017ee v dne\u0161n\u00ed dob\u011b, kdy se sv\u00e1d\u00ed boj o ka\u017ed\u00e9ho z\u00e1kazn\u00edka, to m\u016f\u017ee b\u00fdt rozhoduj\u00edc\u00ed faktor.D\u016fvod\u016f m\u016f\u017ee b\u00fdt ale pochopiteln\u011b i v\u00edc. Ale a\u0165 jsou jak\u00e9koliv, m\u00e1 to pro podnikatele smysl, m\u00edt sv\u00e9 reprezentativn\u00ed  http:\/\/www.msmt.cz\/vzdelavani\/vysoke-skolstvi\/statut-reprezentativni-komise-pro-rozpis-rozpoctu-verejnych s\u00eddlo. A pokud si ho nemohou dovolit nebo toto nen\u00ed t\u0159eba ani k sehn\u00e1n\u00ed, d\u00e1 se takto virtu\u00e1ln\u011b z\u0159\u00eddit i v ciz\u00edm objektu. S t\u00edm, \u017ee tu \u010dlov\u011bku za \u00faplatu p\u0159eb\u00edraj\u00ed, zpracov\u00e1vaj\u00ed a p\u0159epos\u00edlaj\u00ed po\u0161tu \u010di nab\u00edzej\u00ed dal\u0161\u00ed slu\u017eby. A je na tom snad n\u011bco \u0161patn\u00e9ho, \u017ee chce n\u011bkdy podnikatel m\u00edt lep\u0161\u00ed renom\u00e9, ne\u017e by m\u011bl na sv\u00e9 skute\u010dn\u00e9 adrese?                                                                                                                                                                                                                                                                                                                                                                                          4.5\/5 - (10 votes)        "},{"@context":"https:\/\/schema.org\/","@type":"BreadcrumbList","itemListElement":[{"@type":"ListItem","position":1,"name":"Adresa nen\u00ed jen adresa","item":"https:\/\/www.sionex.cz\/adresa-neni-jen-adresa\/#breadcrumbitem"}]}]